{"id":443,"date":"2024-07-12T09:40:00","date_gmt":"2024-07-12T09:40:00","guid":{"rendered":"http:\/\/www.firemniodpady.cz\/?p=443"},"modified":"2024-07-12T10:18:02","modified_gmt":"2024-07-12T10:18:02","slug":"mobilni-zarizeni-ke-sberu-odpadu","status":"publish","type":"post","link":"https:\/\/www.firemniodpady.cz\/index.php\/2024\/07\/12\/mobilni-zarizeni-ke-sberu-odpadu\/","title":{"rendered":"Mobiln\u00ed za\u0159\u00edzen\u00ed ke sb\u011bru odpadu"},"content":{"rendered":"\n<p>Mobiln\u00ed za\u0159\u00edzen\u00ed pro sb\u011br odpadu m\u016f\u017ee b\u00fdt klasick\u00e1 &#8222;kuka\u010dka&#8220; (svozov\u00e9 auto s lisovac\u00ed n\u00e1stavbou), kontejnerov\u00e9 auto, auto s valn\u00edkovou n\u00e1stavbou nebo jin\u00fd mobiln\u00ed prost\u0159edek, kter\u00fd je vhodn\u00fd k p\u0159evotu odpadu. <\/p>\n\n\n\n<p>Opr\u00e1vn\u011bn\u00ed k provozu mobiln\u00edho za\u0159\u00edzen\u00ed vyd\u00e1v\u00e1 p\u0159\u00edslu\u0161n\u00fd krajsk\u00fd \u00fa\u0159ad dle s\u00eddla provozovatele a rozhodnut\u00ed vyd\u00e1v\u00e1 s platnost\u00ed v\u011bt\u0161inou 5 let. <\/p>\n\n\n\n<p>Pokud m\u00e1te platn\u00e9 povolen\u00ed a zah\u00e1jen\u00fd provoz p\u0159es port\u00e1l ISPOP, je t\u0159eba v\u00e9st spr\u00e1vn\u011b administraci odpad\u016f. Administrace spo\u010d\u00edv\u00e1 ve veden\u00ed pr\u016fb\u011b\u017en\u00e9 evidence odpad\u016f, vyd\u00e1v\u00e1n\u00ed potvrzen\u00ed p\u016fvodc\u016fm odpad\u016f. Ov\u011b\u0159ov\u00e1n\u00ed za\u0159\u00edzen\u00ed pro nakl\u00e1d\u00e1n\u00ed s odpady, kam je odpad p\u0159ed\u00e1v\u00e1n, veden\u00ed provozn\u00edho den\u00edku a pod\u00e1n\u00ed ro\u010dn\u00edho hl\u00e1\u0161en\u00ed o odpadech. <\/p>\n\n\n\n<p>Zn\u00ed to jednodu\u0161e? opravdu jen zn\u00ed nejedn\u00e1 se o jednoduch\u00e9 povinnosti, kter\u00e9 zvl\u00e1dne spravovat ka\u017ed\u00fd. Proto si dejte pozor p\u0159i spr\u00e1vn\u011b mobiln\u00edho za\u0159\u00edzen\u00ed na v\u0161echny aspekty dle z\u00e1kona, v rozhodnut\u00ed k povolen\u00ed mobiln\u00edho za\u0159\u00edzen\u00ed i ve schv\u00e1len\u00edm provozn\u00edm \u0159\u00e1du. <\/p>\n\n\n\n<p><strong>Pro mobiln\u00ed za\u0159\u00edzen\u00ed dl\u00e1me agendu:<\/strong><\/p>\n\n\n\n<ul class=\"wp-block-list\"><li>Vy\u0159\u00edzen\u00ed povolen\u00ed pro mobiln\u00ed sb\u011br odpad\u016f<\/li><li>Veden\u00ed pr\u016fb\u011b\u017en\u00e9 evidence odpad\u016f v\u010detn\u011b kontrol partner\u016f<\/li><li>Pod\u00e1n\u00ed ro\u010dn\u00edho hl\u00e1\u0161en\u00ed o odpadech<\/li><li>Veden\u00ed provozn\u00edho den\u00edku<\/li><li>Aktualizace povolen\u00ed<\/li><\/ul>\n\n\n\n<p class=\"has-black-color has-pale-cyan-blue-background-color has-text-color has-background\"><strong>M\u00e1te dotazy? nehledejte odpov\u011bdi z pochybn\u00fdch zdroj\u016f a napi\u0161te n\u00e1m na vyridime@firemniodpady.cz<\/strong><\/p>\n","protected":false},"excerpt":{"rendered":"<p>Mobiln\u00ed za\u0159\u00edzen\u00ed pro sb\u011br odpadu m\u016f\u017ee b\u00fdt klasick\u00e1 &#8222;kuka\u010dka&#8220; (svozov\u00e9 auto s lisovac\u00ed n\u00e1stavbou), kontejnerov\u00e9 auto, auto s valn\u00edkovou n\u00e1stavbou nebo jin\u00fd mobiln\u00ed prost\u0159edek, kter\u00fd je vhodn\u00fd k p\u0159evotu odpadu. Opr\u00e1vn\u011bn\u00ed k provozu mobiln\u00edho za\u0159\u00edzen\u00ed vyd\u00e1v\u00e1 p\u0159\u00edslu\u0161n\u00fd krajsk\u00fd \u00fa\u0159ad dle s\u00eddla provozovatele a rozhodnut\u00ed vyd\u00e1v\u00e1 s platnost\u00ed v\u011bt\u0161inou 5 let. Pokud m\u00e1te platn\u00e9 povolen\u00ed a [&hellip;]<\/p>\n","protected":false},"author":1,"featured_media":450,"comment_status":"open","ping_status":"open","sticky":false,"template":"","format":"standard","meta":{"_monsterinsights_skip_tracking":false,"_monsterinsights_sitenote_active":false,"_monsterinsights_sitenote_note":"","_monsterinsights_sitenote_category":0,"footnotes":""},"categories":[1],"tags":[],"class_list":["post-443","post","type-post","status-publish","format-standard","has-post-thumbnail","hentry","category-uncategorized"],"_links":{"self":[{"href":"https:\/\/www.firemniodpady.cz\/index.php\/wp-json\/wp\/v2\/posts\/443"}],"collection":[{"href":"https:\/\/www.firemniodpady.cz\/index.php\/wp-json\/wp\/v2\/posts"}],"about":[{"href":"https:\/\/www.firemniodpady.cz\/index.php\/wp-json\/wp\/v2\/types\/post"}],"author":[{"embeddable":true,"href":"https:\/\/www.firemniodpady.cz\/index.php\/wp-json\/wp\/v2\/users\/1"}],"replies":[{"embeddable":true,"href":"https:\/\/www.firemniodpady.cz\/index.php\/wp-json\/wp\/v2\/comments?post=443"}],"version-history":[{"count":1,"href":"https:\/\/www.firemniodpady.cz\/index.php\/wp-json\/wp\/v2\/posts\/443\/revisions"}],"predecessor-version":[{"id":444,"href":"https:\/\/www.firemniodpady.cz\/index.php\/wp-json\/wp\/v2\/posts\/443\/revisions\/444"}],"wp:featuredmedia":[{"embeddable":true,"href":"https:\/\/www.firemniodpady.cz\/index.php\/wp-json\/wp\/v2\/media\/450"}],"wp:attachment":[{"href":"https:\/\/www.firemniodpady.cz\/index.php\/wp-json\/wp\/v2\/media?parent=443"}],"wp:term":[{"taxonomy":"category","embeddable":true,"href":"https:\/\/www.firemniodpady.cz\/index.php\/wp-json\/wp\/v2\/categories?post=443"},{"taxonomy":"post_tag","embeddable":true,"href":"https:\/\/www.firemniodpady.cz\/index.php\/wp-json\/wp\/v2\/tags?post=443"}],"curies":[{"name":"wp","href":"https:\/\/api.w.org\/{rel}","templated":true}]}}