{"id":371,"date":"2022-01-30T17:42:58","date_gmt":"2022-01-30T17:42:58","guid":{"rendered":"http:\/\/www.firemniodpady.cz\/?p=371"},"modified":"2022-01-30T17:43:00","modified_gmt":"2022-01-30T17:43:00","slug":"povinnosti-zhlediska-obalu-v-ramci-eu","status":"publish","type":"post","link":"https:\/\/www.firemniodpady.cz\/index.php\/2022\/01\/30\/povinnosti-zhlediska-obalu-v-ramci-eu\/","title":{"rendered":"POVINNOSTI ZHLEDISKA OBAL\u016e V R\u00c1MCI EU"},"content":{"rendered":"\n<p>M\u00e1te v\u00fdrobu, e-shop nebo ob\u010das zas\u00edl\u00e1te zbo\u017e\u00ed v EU? tak pozor na obaly.<\/p>\n\n\n\n<p>Syst\u00e9my zalo\u017een\u00e9 k zp\u011btn\u00e9mu odb\u011bru a&nbsp;vyu\u017eit\u00ed odpad\u016f z&nbsp;obal\u016f funguj\u00ed v&nbsp;\u010dlensk\u00fdch st\u00e1tech EU&nbsp;obdobn\u011b jako v&nbsp;\u010cR nap\u0159. EKOKOM \u2013 dle Sm\u011brnice Evropsk\u00e9ho parlamentu a&nbsp;Rady EU o&nbsp;obalech a&nbsp;obalov\u00fdch materi\u00e1lech.<\/p>\n\n\n\n<p>Pokud spole\u010dnost prod\u00e1v\u00e1 sv\u00e9 balen\u00e9 zbo\u017e\u00ed ve&nbsp;st\u00e1tech Evropsk\u00e9 unie, m\u00e1 povinnost zajistit zp\u011btn\u00fd odb\u011br a&nbsp;vyu\u017eit\u00ed odpad\u016f z&nbsp;obal\u016f v dan\u00e9 zemi. N\u011bkter\u00e9 zem\u011b mohou m\u00edt nastaveny minim\u00e1ln\u00ed mno\u017estv\u00ed, od kter\u00e9ho je nutn\u00e9 v\u0161e vykazovat, ale jedn\u00e1 se sp\u00ed\u0161e o v\u00fdjimky ne\u017e pravidlo. V\u011bt\u0161inou je syst\u00e9 nekompromistn\u00ed a by\u0165 do zem\u011b po\u0161lete jednu krabici jste odpov\u011bdni za tento odpad z obalu. Je&nbsp;tedy vhodn\u00e9 v\u017edy p\u0159ed v\u00fdvozem zbo\u017e\u00ed zkontrolovat jak\u00e1 pravidla v dan\u00e9 zemi plat\u00ed, zda&nbsp;prodejce zbo\u017e\u00ed, kter\u00e9mu dod\u00e1v\u00e1te m\u00e1 smlouvu s&nbsp;p\u0159\u00edslu\u0161n\u00fdm syst\u00e9mem Zelen\u00e9ho bodu v&nbsp;dan\u00e9 zemi. Pokud tomu tak nen\u00ed, bude&nbsp;povinnost\u00ed va\u0161\u00ed spole\u010dnosti tuto smlouvu uzav\u0159\u00edt. V\u011bt\u0161inou plat\u00ed, \u017ee pokud v dan\u00e9 zemi nem\u00e1te s\u00eddlo spole\u010dnosti, etdy nejste usazeni mus\u00edte si zvolit prost\u0159edn\u00edka, kter\u00fd V\u00e1m bude s t\u00edmto pom\u00e1hat.<\/p>\n","protected":false},"excerpt":{"rendered":"<p>M\u00e1te v\u00fdrobu, e-shop nebo ob\u010das zas\u00edl\u00e1te zbo\u017e\u00ed v EU? tak pozor na obaly. Syst\u00e9my zalo\u017een\u00e9 k zp\u011btn\u00e9mu odb\u011bru a&nbsp;vyu\u017eit\u00ed odpad\u016f z&nbsp;obal\u016f funguj\u00ed v&nbsp;\u010dlensk\u00fdch st\u00e1tech EU&nbsp;obdobn\u011b jako v&nbsp;\u010cR nap\u0159. EKOKOM \u2013 dle Sm\u011brnice Evropsk\u00e9ho parlamentu a&nbsp;Rady EU o&nbsp;obalech a&nbsp;obalov\u00fdch materi\u00e1lech. Pokud spole\u010dnost prod\u00e1v\u00e1 sv\u00e9 balen\u00e9 zbo\u017e\u00ed ve&nbsp;st\u00e1tech Evropsk\u00e9 unie, m\u00e1 povinnost zajistit zp\u011btn\u00fd odb\u011br a&nbsp;vyu\u017eit\u00ed odpad\u016f [&hellip;]<\/p>\n","protected":false},"author":1,"featured_media":368,"comment_status":"open","ping_status":"open","sticky":false,"template":"","format":"standard","meta":{"_monsterinsights_skip_tracking":false,"_monsterinsights_sitenote_active":false,"_monsterinsights_sitenote_note":"","_monsterinsights_sitenote_category":0,"footnotes":""},"categories":[1],"tags":[],"class_list":["post-371","post","type-post","status-publish","format-standard","has-post-thumbnail","hentry","category-uncategorized"],"_links":{"self":[{"href":"https:\/\/www.firemniodpady.cz\/index.php\/wp-json\/wp\/v2\/posts\/371"}],"collection":[{"href":"https:\/\/www.firemniodpady.cz\/index.php\/wp-json\/wp\/v2\/posts"}],"about":[{"href":"https:\/\/www.firemniodpady.cz\/index.php\/wp-json\/wp\/v2\/types\/post"}],"author":[{"embeddable":true,"href":"https:\/\/www.firemniodpady.cz\/index.php\/wp-json\/wp\/v2\/users\/1"}],"replies":[{"embeddable":true,"href":"https:\/\/www.firemniodpady.cz\/index.php\/wp-json\/wp\/v2\/comments?post=371"}],"version-history":[{"count":1,"href":"https:\/\/www.firemniodpady.cz\/index.php\/wp-json\/wp\/v2\/posts\/371\/revisions"}],"predecessor-version":[{"id":372,"href":"https:\/\/www.firemniodpady.cz\/index.php\/wp-json\/wp\/v2\/posts\/371\/revisions\/372"}],"wp:featuredmedia":[{"embeddable":true,"href":"https:\/\/www.firemniodpady.cz\/index.php\/wp-json\/wp\/v2\/media\/368"}],"wp:attachment":[{"href":"https:\/\/www.firemniodpady.cz\/index.php\/wp-json\/wp\/v2\/media?parent=371"}],"wp:term":[{"taxonomy":"category","embeddable":true,"href":"https:\/\/www.firemniodpady.cz\/index.php\/wp-json\/wp\/v2\/categories?post=371"},{"taxonomy":"post_tag","embeddable":true,"href":"https:\/\/www.firemniodpady.cz\/index.php\/wp-json\/wp\/v2\/tags?post=371"}],"curies":[{"name":"wp","href":"https:\/\/api.w.org\/{rel}","templated":true}]}}