{"id":363,"date":"2022-01-30T17:22:56","date_gmt":"2022-01-30T17:22:56","guid":{"rendered":"http:\/\/www.firemniodpady.cz\/?p=363"},"modified":"2022-01-30T17:43:32","modified_gmt":"2022-01-30T17:43:32","slug":"povinnosti-vyrobcu-elektrozarizeni-v-ramci-eu","status":"publish","type":"post","link":"https:\/\/www.firemniodpady.cz\/index.php\/2022\/01\/30\/povinnosti-vyrobcu-elektrozarizeni-v-ramci-eu\/","title":{"rendered":"Povinnosti v\u00fdrobc\u016f elektroza\u0159\u00edzen\u00ed v r\u00e1mci EU"},"content":{"rendered":"\n<p>I vr\u00e1mci EU plat\u00ed stejn\u00e1 pravidla pro v\u00fdrobu a v\u00fdvoz elektroza\u0159\u00edzen\u00ed.<\/p>\n\n\n\n<ol class=\"wp-block-list\"><li><strong>Odpov\u011bdnost za nakl\u00e1d\u00e1n\u00ed s&nbsp;odpadn\u00edmi a elektrick\u00fdmi a elektronick\u00fdmi za\u0159\u00edzen\u00edmi (OEEZ)<\/strong><\/li><\/ol>\n\n\n\n<p>Pokud spole\u010dnost vyr\u00e1b\u00ed nebo prod\u00e1v\u00e1 elektrick\u00e1 a elektronick\u00e1 za\u0159\u00edzen\u00ed nap\u0159. po\u010d\u00edta\u010de, ledni\u010dky, mobiln\u00ed telefony, osv\u011btlen\u00ed a dal\u0161\u00ed elektroza\u0159\u00edzen\u00ed. Podle evropsk\u00fdch i vnitrost\u00e1tn\u00edch pr\u00e1vn\u00edch p\u0159edpis\u016f jednotliv\u00fdch zem\u00ed je t\u0159eba zajistit, aby byla po skon\u010den\u00ed \u017eivotnosti elektroza\u0159\u00edzen\u00ed \u0159\u00e1dn\u011b zpracov\u00e1na a a p\u0159ed\u00e1na k likvidaci.&nbsp;<\/p>\n\n\n\n<p>Jak na to?<\/p>\n\n\n\n<ul class=\"wp-block-list\"><li>zaregistrovat se u p\u0159\u00edslu\u0161n\u00fdch org\u00e1n\u016f v dan\u00e9 zemi tj. zapsat se do registru v ka\u017ed\u00e9 zemi, kde za\u0159\u00edzen\u00ed distribuujete nebo prod\u00e1v\u00e1te<\/li><li>na z\u00e1klad\u011b registrace je t\u0159eba pod\u00e1vat pravidelnou zpr\u00e1vu o mno\u017estv\u00ed prodan\u00fdch elektrick\u00fdch a elektronick\u00fdch za\u0159\u00edzen\u00ed<\/li><li>organizovat a financovat sb\u011br, zpracov\u00e1n\u00ed, recyklaci a dal\u0161\u00ed vyu\u017eit\u00ed va\u0161ich v\u00fdrobk\u016f sami nebo p\u0159es partnery<\/li><li>jako\u017eto distributor poskytovat slu\u017ebu zp\u011btn\u00e9ho odb\u011bru, kde z\u00e1kazn\u00edci mohou odpadn\u00ed elektrick\u00e9 a elektronick\u00e9 za\u0159\u00edzen\u00ed bezplatn\u011b vr\u00e1tit<\/li><li>jako\u017eto v\u00fdrobce vyhov\u011bt p\u0159\u00edslu\u0161n\u00fdm sm\u011brnic\u00edm nap\u0159. o omezen\u00ed pou\u017e\u00edv\u00e1n\u00ed nebezpe\u010dn\u00fdch l\u00e1tek&nbsp;<\/li><\/ul>\n\n\n\n<ol class=\"wp-block-list\" start=\"2\"><li><strong>Pot\u0159ebn\u00e1 registrace u p\u0159\u00edslu\u0161n\u00fdch org\u00e1n\u016f v dan\u00e9 zemi odpov\u011bdn\u00fdch za OEEZ<\/strong><\/li><\/ol>\n\n\n\n<p>V&nbsp;<strong>ka\u017ed\u00e9<\/strong>&nbsp;<strong>zemi EU<\/strong>, kde sv\u00e9 v\u00fdrobky prod\u00e1v\u00e1te nebo dov\u00e1\u017e\u00edte mus\u00edte svou spole\u010dnost zaregistrovat u p\u0159\u00edslu\u0161n\u00fdch org\u00e1n\u016f odpov\u011bdn\u00fdch za nakl\u00e1d\u00e1n\u00ed s OEEZ, kter\u00e9 jsou sdru\u017eeny v r\u00e1mci EU. Registrace je povinn\u00e1 p\u0159i dovozu by\u0165 jedn\u00e9 jedin\u00e9 \u017e\u00e1rovky.<strong>&nbsp;V&nbsp;men\u0161\u00edm mno\u017estv\u00ed jsou vstupn\u00ed poplatky pro dovozce velmi zat\u011b\u017euj\u00edc\u00ed a je t\u0159eba zv\u00e1\u017eit mo\u017en\u00fd dovoz<\/strong>.<\/p>\n\n\n\n<ul class=\"wp-block-list\"><li><strong>Registraci je nutn\u00e9 prov\u00e9st p\u0159ed prvn\u00edm v\u00fdvozem do dan\u00e9 zem\u011b.<\/strong>&nbsp;V&nbsp;ka\u017ed\u00ed zemi plat\u00ed trochu jin\u00e1 pravidla pro registraci i z hlediska finan\u010dn\u00edho. Jsou tu v\u0161ak ur\u010dit\u00e9 podobnosti a to zvolen\u00ed prost\u0159edn\u00edka tj. osoby, kter\u00e1 je v&nbsp;dan\u00e9 zemi usazena a kter\u00e1 tuto slu\u017ebu p\u0159es dan\u00fd syst\u00e9m zprost\u0159edkov\u00e1v\u00e1. N\u00e1sledn\u011b je mo\u017en\u00e1 registrace do kolektivn\u00edho syst\u00e9mu. S&nbsp;touto registrac\u00ed se v\u0161ak poj\u00ed poplatky, kter\u00e9 nap\u0159. v&nbsp;N\u011bmecku se pohybuj\u00ed okolo 2000 Eur v&nbsp;prvn\u00edm roce by\u0165 byste dovezli jen jednu \u017e\u00e1rovku.<\/li><li>Registrace nen\u00ed nutn\u00e1 pokud subjekt, pro kter\u00fd se elektroza\u0159\u00edzen\u00ed dov\u00e1\u017e\u00ed nen\u00ed kone\u010dn\u00fdm u\u017eivatelem nap\u0159. dod\u00e1v\u00e1n\u00ed do obchod\u016f, prodejc\u016fm nebo jin\u00e9 osob\u011b, kter\u00e1 elektroza\u0159\u00edzen\u00ed d\u00e1le p\u0159eprod\u00e1v\u00e1. Doporu\u010dujeme pokud v\u00fdrobce nepln\u00ed v&nbsp;dan\u00e9 zemi tyto povinnosti, ale pln\u00ed je za n\u011bj n\u011bkdo jin\u00fd tuto situaci o\u0161et\u0159it, aby bylo p\u0159i kontroln\u00edm jedn\u00e1n\u00ed jasn\u00e9 jak\u00fd subjekt je za vykazov\u00e1n\u00ed odpov\u011bdn\u00fd.<\/li><\/ul>\n\n\n\n<ol class=\"wp-block-list\" start=\"3\"><li><strong>Pod\u00e1v\u00e1n\u00ed zpr\u00e1v<\/strong><\/li><\/ol>\n\n\n\n<p>Po zah\u00e1jen\u00ed prodeje v\u00fdrobk\u016f ozna\u010den\u00fdch \u0161t\u00edtkem OEEZ na trhu EU mus\u00edte vnitrost\u00e1tn\u00edm org\u00e1n\u016fm pravideln\u011b p\u0159edkl\u00e1dat zpr\u00e1vu s podrobn\u00fdmi \u00fadaji o typech za\u0159\u00edzen\u00ed, kter\u00e9 jste vyrobili, distribuovali nebo prodali, a v jak\u00e9m mno\u017estv\u00ed.&nbsp;Jak ji\u017e bylo uvedeno v bod\u011b 2. jedn\u00e1te p\u0159es prost\u0159edn\u00edka pokud v dan\u00e9 zemi nen\u00ed spole\u010dnost usazena.<\/p>\n\n\n\n<ol class=\"wp-block-list\" start=\"4\"><li><strong>Nakl\u00e1d\u00e1n\u00ed s OEEZ<\/strong><\/li><\/ol>\n\n\n\n<p>Jakmile spot\u0159ebitel za\u0159\u00edzen\u00ed, kter\u00e9 jste vyrobili, distribuovali nebo prodali, vy\u0159ad\u00ed, mus\u00edte se pod\u00edlet na jeho spr\u00e1vn\u00e9 likvidaci. M\u016f\u017eete se rozhodnout, zda se zapoj\u00edte do ji\u017e existuj\u00edc\u00edho&nbsp;<strong>kolektivn\u00edho syst\u00e9mu nakl\u00e1d\u00e1n\u00ed s&nbsp;odpady&nbsp;<\/strong>v t\u00e9to oblasti, nebo si z\u0159\u00edd\u00edte vlastn\u00ed syst\u00e9m.<\/p>\n\n\n\n<ol class=\"wp-block-list\" start=\"5\"><li><strong>Kolektivn\u00ed syst\u00e9my<\/strong><\/li><\/ol>\n\n\n\n<p>Kolektivn\u00ed syst\u00e9my existuj\u00ed ve v\u011bt\u0161in\u011b zem\u00ed EU. Z\u0159\u00eddil je bu\u010f soukrom\u00fd sektor nebo vl\u00e1da. Tyto syst\u00e9my umo\u017e\u0148uj\u00ed v\u00fdrobc\u016fm, distributor\u016fm a prodejc\u016fm plnit povinnosti souvisej\u00edc\u00ed s nakl\u00e1d\u00e1n\u00edm s odpady spole\u010dn\u011b. Funguj\u00ed na z\u00e1klad\u011b placen\u00e9ho \u010dlenstv\u00ed.<\/p>\n\n\n\n<p>Krom\u011b financov\u00e1n\u00ed a organizov\u00e1n\u00ed sb\u011bru, zpracov\u00e1n\u00ed, dal\u0161\u00edho vyu\u017eit\u00ed a recyklace OEEZ mohou slu\u017eby v r\u00e1mci t\u011bchto syst\u00e9m\u016f zahrnovat:<\/p>\n\n\n\n<ul class=\"wp-block-list\"><li>veden\u00ed z\u00e1znam\u016f o v\u0161ech v\u00fdrobc\u00edch, kter\u00e9 \u010dlenov\u00e9 re\u017eimu vyrobili, distribuovali nebo prodali<\/li><li>p\u0159edkl\u00e1d\u00e1n\u00ed zpr\u00e1v vnitrost\u00e1tn\u00edm org\u00e1n\u016fm<\/li><li>osv\u011btov\u00e9 kampan\u011b pro spot\u0159ebitele o v\u00fdznamu \u0159\u00e1dn\u00e9ho nakl\u00e1d\u00e1n\u00ed s EEZ<\/li><\/ul>\n\n\n\n<ol class=\"wp-block-list\" start=\"6\"><li><strong>Povinn\u00e1 ozna\u010den\u00ed<\/strong><\/li><\/ol>\n\n\n\n<p>Mnoho v\u00fdrobk\u016f mus\u00ed p\u0159ed t\u00edm, ne\u017e se mohou za\u010d\u00edt v EU prod\u00e1vat, dostat ozna\u010den\u00ed CE \u2013 bez ohledu na to, kde byly vyrobeny. Zkontrolujte si, zda je ozna\u010den\u00ed CE povinn\u00e9, zda se vztahuje na va\u0161e v\u00fdrobky a jak jej um\u00edstit.<\/p>\n","protected":false},"excerpt":{"rendered":"<p>I vr\u00e1mci EU plat\u00ed stejn\u00e1 pravidla pro v\u00fdrobu a v\u00fdvoz elektroza\u0159\u00edzen\u00ed. Odpov\u011bdnost za nakl\u00e1d\u00e1n\u00ed s&nbsp;odpadn\u00edmi a elektrick\u00fdmi a elektronick\u00fdmi za\u0159\u00edzen\u00edmi (OEEZ) Pokud spole\u010dnost vyr\u00e1b\u00ed nebo prod\u00e1v\u00e1 elektrick\u00e1 a elektronick\u00e1 za\u0159\u00edzen\u00ed nap\u0159. po\u010d\u00edta\u010de, ledni\u010dky, mobiln\u00ed telefony, osv\u011btlen\u00ed a dal\u0161\u00ed elektroza\u0159\u00edzen\u00ed. Podle evropsk\u00fdch i vnitrost\u00e1tn\u00edch pr\u00e1vn\u00edch p\u0159edpis\u016f jednotliv\u00fdch zem\u00ed je t\u0159eba zajistit, aby byla po skon\u010den\u00ed \u017eivotnosti [&hellip;]<\/p>\n","protected":false},"author":1,"featured_media":360,"comment_status":"closed","ping_status":"closed","sticky":false,"template":"","format":"standard","meta":{"_monsterinsights_skip_tracking":false,"_monsterinsights_sitenote_active":false,"_monsterinsights_sitenote_note":"","_monsterinsights_sitenote_category":0,"footnotes":""},"categories":[1],"tags":[],"class_list":["post-363","post","type-post","status-publish","format-standard","has-post-thumbnail","hentry","category-uncategorized"],"_links":{"self":[{"href":"https:\/\/www.firemniodpady.cz\/index.php\/wp-json\/wp\/v2\/posts\/363"}],"collection":[{"href":"https:\/\/www.firemniodpady.cz\/index.php\/wp-json\/wp\/v2\/posts"}],"about":[{"href":"https:\/\/www.firemniodpady.cz\/index.php\/wp-json\/wp\/v2\/types\/post"}],"author":[{"embeddable":true,"href":"https:\/\/www.firemniodpady.cz\/index.php\/wp-json\/wp\/v2\/users\/1"}],"replies":[{"embeddable":true,"href":"https:\/\/www.firemniodpady.cz\/index.php\/wp-json\/wp\/v2\/comments?post=363"}],"version-history":[{"count":3,"href":"https:\/\/www.firemniodpady.cz\/index.php\/wp-json\/wp\/v2\/posts\/363\/revisions"}],"predecessor-version":[{"id":373,"href":"https:\/\/www.firemniodpady.cz\/index.php\/wp-json\/wp\/v2\/posts\/363\/revisions\/373"}],"wp:featuredmedia":[{"embeddable":true,"href":"https:\/\/www.firemniodpady.cz\/index.php\/wp-json\/wp\/v2\/media\/360"}],"wp:attachment":[{"href":"https:\/\/www.firemniodpady.cz\/index.php\/wp-json\/wp\/v2\/media?parent=363"}],"wp:term":[{"taxonomy":"category","embeddable":true,"href":"https:\/\/www.firemniodpady.cz\/index.php\/wp-json\/wp\/v2\/categories?post=363"},{"taxonomy":"post_tag","embeddable":true,"href":"https:\/\/www.firemniodpady.cz\/index.php\/wp-json\/wp\/v2\/tags?post=363"}],"curies":[{"name":"wp","href":"https:\/\/api.w.org\/{rel}","templated":true}]}}