{"id":320,"date":"2021-09-04T15:39:09","date_gmt":"2021-09-04T15:39:09","guid":{"rendered":"http:\/\/www.firemniodpady.cz\/?p=320"},"modified":"2024-10-27T17:48:20","modified_gmt":"2024-10-27T17:48:20","slug":"rocni-hlaseni-o-odpadech","status":"publish","type":"post","link":"https:\/\/www.firemniodpady.cz\/index.php\/2021\/09\/04\/rocni-hlaseni-o-odpadech\/","title":{"rendered":"Ro\u010dn\u00ed hl\u00e1\u0161en\u00ed o odpadech"},"content":{"rendered":"\n<p><strong>Pokud jste se proklikli na tuto str\u00e1nku m\u016f\u017eete \u0159e\u0161it:<\/strong><\/p>\n\n\n\n<ol class=\"wp-block-list\">\n<li>ro\u010dn\u00ed hl\u00e1\u0161en\u00ed za rok 2022<\/li>\n\n\n\n<li>ro\u010dn\u00ed hl\u00e1\u0161en\u00ed za rok 2023<\/li>\n\n\n\n<li>evidenci odpad\u016f<\/li>\n\n\n\n<li>p\u0159edvol\u00e1n\u00ed k pod\u00e1n\u00ed vysv\u011btlen\u00ed\u00a0<\/li>\n\n\n\n<li>spr\u00e1vn\u00ed \u0159\u00edzen\u00ed (p\u0159estupek)<\/li>\n<\/ol>\n\n\n\n<ol class=\"wp-block-list\">\n<li><strong>Ro\u010dn\u00ed hl\u00e1\u0161en\u00ed za rok 202<\/strong>2<\/li>\n<\/ol>\n\n\n\n<ul class=\"wp-block-list\">\n<li>se pod\u00e1valo do 28.2.2023 pokud p\u016fvodce p\u0159ekro\u010dil hranici 100 tun ostatn\u00edho odpadu nebo 100 kg nebezpe\u010dn\u00e9ho odpadu. Za\u0159\u00edzen\u00ed pro nakl\u00e1d\u00e1n\u00ed s odpady v\u017edy. Tento probl\u00e9m v\u0161ak navazuje na bod 4. a 5. tohoto \u010dl\u00e1nku.<\/li>\n<\/ul>\n\n\n\n<p><strong>2. Ro\u010dn\u00ed hl\u00e1\u0161en\u00ed za rok 202<\/strong>3<\/p>\n\n\n\n<ul class=\"wp-block-list\">\n<li>pod\u00e1v\u00e1 se do 28.2.2024 pokud p\u016fvodce p\u0159ekro\u010d\u00ed hranici 100 tun ostatn\u00edho odpadu a 600 kg nebezpe\u010dn\u00e9ho odpadu. Za\u0159\u00edzen\u00ed pro nakl\u00e1d\u00e1n\u00ed s odpady v\u017edy.\u00a0<\/li>\n\n\n\n<li>pro pod\u00e1n\u00ed ro\u010dn\u00edho hl\u00e1\u0161en\u00ed o odpadech je d\u016fle\u017eit\u00e9 spr\u00e1vn\u00e9 veden\u00ed pr\u016fb\u011b\u017en\u00e9 evidence odpad\u016f.<\/li>\n<\/ul>\n\n\n\n<p><strong>3. Evidence odpad\u016f<\/strong><\/p>\n\n\n\n<ul class=\"wp-block-list\">\n<li>pokud \u0159e\u0161\u00edte evidenci odpadu tak tu upravuje vyhl\u00e1\u0161ka \u010d. 273\/2021 Sb. O podrobnostech nakl\u00e1d\u00e1n\u00ed s odpady a vede se pr\u016fb\u011b\u017ene v pr\u016fb\u011bhu kalend\u00e1\u0159n\u00edho roku.<\/li>\n<\/ul>\n\n\n\n<p><strong>4. P\u0159edvol\u00e1n\u00ed k pod\u00e1n\u00ed vysv\u011btlen\u00ed<\/strong><\/p>\n\n\n\n<ul class=\"wp-block-list\">\n<li>v\u011bt\u0161inou se jedn\u00e1 o b\u011b\u017enou kontrolu nebo nespln\u011bn\u00ed pod\u00e1n\u00ed ro\u010dn\u00edho hl\u00e1\u0161en\u00ed o odpadech. P\u0159i p\u0159edvol\u00e1n\u00ed je po\u017eadavek o dolo\u017een\u00ed pr\u016fb\u011b\u017en\u00e9 evidence odpad\u016f a ro\u010dn\u00edho hl\u00e1\u0161en\u00ed o odpadech.\u00a0<\/li>\n<\/ul>\n\n\n\n<p><strong>5. Spr\u00e1vn\u00ed \u0159\u00edzen\u00ed (p\u0159estupek)<\/strong><\/p>\n\n\n\n<ul class=\"wp-block-list\">\n<li>m\u016f\u017ee se jednat o podobn\u00fd p\u0159\u00edpad jako v bod\u011b 4., nebo<\/li>\n\n\n\n<li>jste s odpadem nakl\u00e1dali \u0161patn\u011b &#8211; nej\u010dast\u011bji se setk\u00e1v\u00e1me s nep\u0159ed\u00e1n\u00ed odpadu opr\u00e1vn\u011bn\u00e9 osob\u011b, neozna\u010den\u00ed m\u00edst k soust\u0159e\u010fov\u00e1n\u00ed odpad\u016f (\u0161t\u00edtky, ILNO), net\u0159\u00edd\u011bn\u00ed.<\/li>\n<\/ul>\n\n\n\n<p class=\"has-white-color has-vivid-red-background-color has-text-color has-background\">\u0158e\u0161\u00edte n\u011bkter\u00fd bod uveden\u00fd v tomto \u010dl\u00e1nku? Napi\u0161te n\u00e1m, r\u00e1di pom\u016f\u017eeme vyridime@firemniodpady.cz<\/p>\n","protected":false},"excerpt":{"rendered":"<p>Pokud jste se proklikli na tuto str\u00e1nku m\u016f\u017eete \u0159e\u0161it: 2. Ro\u010dn\u00ed hl\u00e1\u0161en\u00ed za rok 2023 3. Evidence odpad\u016f 4. P\u0159edvol\u00e1n\u00ed k pod\u00e1n\u00ed vysv\u011btlen\u00ed 5. Spr\u00e1vn\u00ed \u0159\u00edzen\u00ed (p\u0159estupek) \u0158e\u0161\u00edte n\u011bkter\u00fd bod uveden\u00fd v tomto \u010dl\u00e1nku? Napi\u0161te n\u00e1m, r\u00e1di pom\u016f\u017eeme vyridime@firemniodpady.cz<\/p>\n","protected":false},"author":1,"featured_media":315,"comment_status":"open","ping_status":"open","sticky":false,"template":"","format":"standard","meta":{"_monsterinsights_skip_tracking":false,"_monsterinsights_sitenote_active":false,"_monsterinsights_sitenote_note":"","_monsterinsights_sitenote_category":0,"footnotes":""},"categories":[1],"tags":[],"class_list":["post-320","post","type-post","status-publish","format-standard","has-post-thumbnail","hentry","category-uncategorized"],"_links":{"self":[{"href":"https:\/\/www.firemniodpady.cz\/index.php\/wp-json\/wp\/v2\/posts\/320"}],"collection":[{"href":"https:\/\/www.firemniodpady.cz\/index.php\/wp-json\/wp\/v2\/posts"}],"about":[{"href":"https:\/\/www.firemniodpady.cz\/index.php\/wp-json\/wp\/v2\/types\/post"}],"author":[{"embeddable":true,"href":"https:\/\/www.firemniodpady.cz\/index.php\/wp-json\/wp\/v2\/users\/1"}],"replies":[{"embeddable":true,"href":"https:\/\/www.firemniodpady.cz\/index.php\/wp-json\/wp\/v2\/comments?post=320"}],"version-history":[{"count":3,"href":"https:\/\/www.firemniodpady.cz\/index.php\/wp-json\/wp\/v2\/posts\/320\/revisions"}],"predecessor-version":[{"id":515,"href":"https:\/\/www.firemniodpady.cz\/index.php\/wp-json\/wp\/v2\/posts\/320\/revisions\/515"}],"wp:featuredmedia":[{"embeddable":true,"href":"https:\/\/www.firemniodpady.cz\/index.php\/wp-json\/wp\/v2\/media\/315"}],"wp:attachment":[{"href":"https:\/\/www.firemniodpady.cz\/index.php\/wp-json\/wp\/v2\/media?parent=320"}],"wp:term":[{"taxonomy":"category","embeddable":true,"href":"https:\/\/www.firemniodpady.cz\/index.php\/wp-json\/wp\/v2\/categories?post=320"},{"taxonomy":"post_tag","embeddable":true,"href":"https:\/\/www.firemniodpady.cz\/index.php\/wp-json\/wp\/v2\/tags?post=320"}],"curies":[{"name":"wp","href":"https:\/\/api.w.org\/{rel}","templated":true}]}}