{"id":235,"date":"2021-06-11T12:09:20","date_gmt":"2021-06-11T12:09:20","guid":{"rendered":"http:\/\/www.firemniodpady.cz\/?p=235"},"modified":"2021-06-15T08:57:39","modified_gmt":"2021-06-15T08:57:39","slug":"zivnostensky-odpad","status":"publish","type":"post","link":"https:\/\/www.firemniodpady.cz\/index.php\/2021\/06\/11\/zivnostensky-odpad\/","title":{"rendered":"\u017divnostensk\u00fd odpad"},"content":{"rendered":"\n<p>Nemohu ps\u00e1t za v\u0161echny podnikatele, ale n\u011bkte\u0159\u00ed prost\u011b \u0159e\u0161\u00ed sv\u00e9 odpady a\u017e nastane probl\u00e9m, do t\u00e9 doby se nezaj\u00edmaj\u00ed co a jak s \u010d\u00edm a kam odkl\u00e1dat. Nej\u010dast\u011bj\u0161\u00ed p\u0159\u00edklad je m\u00edt kancel\u00e1\u0159 na adrese trval\u00e9ho bydli\u0161t\u011b a nem\u00edt p\u0159itom smlouvu na p\u0159ed\u00e1v\u00e1n\u00ed komun\u00e1ln\u00edho odpadu na I\u010c.<\/p>\n\n\n\n<p>Nemus\u00ed se to t\u00fdkat jen kancel\u00e1\u0159\u00ed, ale p\u0159\u00edkladem jsou tak\u00e9 \u0159emesln\u00edci, kte\u0159\u00ed odkl\u00e1daj\u00ed nap\u0159\u00edklad pap\u00edrov\u00e9 nebo plastov\u00e9 obalov\u00e9 materi\u00e1ly do kontejner\u016f na ulic\u00edch sice na t\u0159\u00edd\u011bn\u00fd odpad, ale kontejnery nejsou ur\u010deny pro \u017eivnostensk\u00fd odpad. <\/p>\n\n\n\n<p>P\u0159\u00edkladem mohou b\u00fdt tak\u00e9 podnikatel\u00e9 ve stavebnictv\u00ed. Ukl\u00e1d\u00e1n\u00ed na sb\u011brn\u00fd dv\u016fr v m\u00edst\u011b bydli\u0161t\u011b je prost\u011b jednodu\u0161\u0161\u00ed na sebe jako ob\u010dana ne\u017e na sebe jako podnikaj\u00edc\u00ed fyzickou osobu a v n\u011bkter\u00fdch p\u0159\u00edkladech do ur\u010dit\u00e9ho objemu i levn\u011bj\u0161\u00ed. <\/p>\n\n\n\n<p>V\u00fd\u0161e uveden\u00e9 chyby se v odpadov\u00e9m hospod\u00e1\u0159stv\u00ed u podnikatel\u016f prost\u011b d\u011bj\u00ed, ale jedn\u00e1 se sp\u00ed\u0161 o nev\u011bdomost ne\u017e o \u010din \u00famysln\u00fd a \u0159e\u0161\u00ed se nej\u010dast\u011bji a\u017e u spr\u00e1vn\u00edho \u0159\u00edzen\u00ed.<\/p>\n\n\n\n<p><strong>Ale co tedy mus\u00ed podnikatel\u00e9 plnit?<\/strong><\/p>\n\n\n\n<ul class=\"wp-block-list\"><li>mat\u00e9 p\u00edsemn\u00e9 informace k odpadu, kter\u00fd vytv\u00e1\u0159\u00edte?<\/li><li>m\u00e1te evidenci odpadu? &#8211; v\u00edce <a href=\"https:\/\/www.firemniodpady.cz\/index.php\/2021\/04\/21\/evidence-odpadu\/\">ZDE<\/a><\/li><li>p\u0159ed\u00e1v\u00e1te odpad pod spr\u00e1vn\u00fdm katalogov\u00fdm \u010d\u00edslem? &#8211; v\u00edce <a href=\"https:\/\/www.firemniodpady.cz\/index.php\/2021\/05\/19\/katalog-odpadu-2021\/\">ZDE<\/a><\/li><li>p\u0159ed\u00e1v\u00e1te odpad opr\u00e1vn\u011bn\u00fdm osob\u00e1m?<\/li><li>pod\u00e1v\u00e1te ro\u010dn\u00ed hl\u00e1\u0161en\u00ed o odpadech? &#8211; v\u00edce <a href=\"https:\/\/www.firemniodpady.cz\/index.php\/2021\/04\/30\/rocni-hlaseni-o-odpadech-za-rok-2020\/\">ZDE<\/a><\/li><li>m\u00e1te sjednanou smlouvu k odpadu z kancel\u00e1\u0159e nebo ke stav\u011b \u010di demolici?<\/li><\/ul>\n\n\n\n<p>a takto m\u016f\u017eeme pokra\u010dovat d\u00e1le. P\u0159itom pokuty jsou a\u017e do 10 milion\u016f korun.<\/p>\n\n\n\n<p>Neberte odpadov\u00e9 hospod\u00e1\u0159stv\u00ed v \u017eivnosti, spolku \u010di spole\u010dnosti na lehkou v\u00e1hu, pokuty nejsou mal\u00e9! &#8211; Odkaz na \u010dl\u00e1nek o p\u0159estupc\u00edch <a href=\"https:\/\/www.firemniodpady.cz\/index.php\/2021\/06\/03\/prestupky-puvodce-odpadu\/\">ZDE<\/a>.<\/p>\n\n\n\n<p class=\"has-white-color has-vivid-red-background-color has-text-color has-background\">Pokud si nebudete jisti, napi\u0161te n\u00e1m na <a href=\"mailto:vyridime@firemniodpady.cz\">vyridime@firemniodpady.cz<\/a> a pom\u016f\u017eeme.<\/p>\n","protected":false},"excerpt":{"rendered":"<p>Nemohu ps\u00e1t za v\u0161echny podnikatele, ale n\u011bkte\u0159\u00ed prost\u011b \u0159e\u0161\u00ed sv\u00e9 odpady a\u017e nastane probl\u00e9m, do t\u00e9 doby se nezaj\u00edmaj\u00ed co a jak s \u010d\u00edm a kam odkl\u00e1dat. Nej\u010dast\u011bj\u0161\u00ed p\u0159\u00edklad je m\u00edt kancel\u00e1\u0159 na adrese trval\u00e9ho bydli\u0161t\u011b a nem\u00edt p\u0159itom smlouvu na p\u0159ed\u00e1v\u00e1n\u00ed komun\u00e1ln\u00edho odpadu na I\u010c. Nemus\u00ed se to t\u00fdkat jen kancel\u00e1\u0159\u00ed, ale p\u0159\u00edkladem jsou [&hellip;]<\/p>\n","protected":false},"author":1,"featured_media":237,"comment_status":"open","ping_status":"open","sticky":false,"template":"","format":"standard","meta":{"_monsterinsights_skip_tracking":false,"_monsterinsights_sitenote_active":false,"_monsterinsights_sitenote_note":"","_monsterinsights_sitenote_category":0,"footnotes":""},"categories":[1],"tags":[],"class_list":["post-235","post","type-post","status-publish","format-standard","has-post-thumbnail","hentry","category-uncategorized"],"_links":{"self":[{"href":"https:\/\/www.firemniodpady.cz\/index.php\/wp-json\/wp\/v2\/posts\/235"}],"collection":[{"href":"https:\/\/www.firemniodpady.cz\/index.php\/wp-json\/wp\/v2\/posts"}],"about":[{"href":"https:\/\/www.firemniodpady.cz\/index.php\/wp-json\/wp\/v2\/types\/post"}],"author":[{"embeddable":true,"href":"https:\/\/www.firemniodpady.cz\/index.php\/wp-json\/wp\/v2\/users\/1"}],"replies":[{"embeddable":true,"href":"https:\/\/www.firemniodpady.cz\/index.php\/wp-json\/wp\/v2\/comments?post=235"}],"version-history":[{"count":4,"href":"https:\/\/www.firemniodpady.cz\/index.php\/wp-json\/wp\/v2\/posts\/235\/revisions"}],"predecessor-version":[{"id":258,"href":"https:\/\/www.firemniodpady.cz\/index.php\/wp-json\/wp\/v2\/posts\/235\/revisions\/258"}],"wp:featuredmedia":[{"embeddable":true,"href":"https:\/\/www.firemniodpady.cz\/index.php\/wp-json\/wp\/v2\/media\/237"}],"wp:attachment":[{"href":"https:\/\/www.firemniodpady.cz\/index.php\/wp-json\/wp\/v2\/media?parent=235"}],"wp:term":[{"taxonomy":"category","embeddable":true,"href":"https:\/\/www.firemniodpady.cz\/index.php\/wp-json\/wp\/v2\/categories?post=235"},{"taxonomy":"post_tag","embeddable":true,"href":"https:\/\/www.firemniodpady.cz\/index.php\/wp-json\/wp\/v2\/tags?post=235"}],"curies":[{"name":"wp","href":"https:\/\/api.w.org\/{rel}","templated":true}]}}