{"id":154,"date":"2021-05-13T09:02:37","date_gmt":"2021-05-13T09:02:37","guid":{"rendered":"http:\/\/www.firemniodpady.cz\/?p=154"},"modified":"2021-05-14T08:31:16","modified_gmt":"2021-05-14T08:31:16","slug":"novy-zakon-o-odpadech","status":"publish","type":"post","link":"https:\/\/www.firemniodpady.cz\/index.php\/2021\/05\/13\/novy-zakon-o-odpadech\/","title":{"rendered":"Nov\u00fd z\u00e1kon o odpadech"},"content":{"rendered":"\n<p>V\u00edte jak\u00e9 povinnosti plynou z nov\u00e9ho z\u00e1kona o odpadech \u010d. 541\/2020 Sb., kter\u00fd nahrazuje star\u00fd z\u00e1kon o odpadech \u010d. 185\/2001 Sb.?<\/p>\n\n\n\n<p><br>V p\u00e1r odstavc\u00edch p\u0159edstav\u00edme n\u011bkter\u00e9 povinnosti p\u016fvodce odpadu, kter\u00fd m\u016f\u017ee b\u00fdt pr\u00e1vnickou osobou nebo podnikaj\u00edc\u00ed fyzickou osobou:&nbsp;<\/p>\n\n\n\n<p><br>1. Povinnost m\u00edt uzav\u0159enou smlouvu na p\u0159ed\u00e1v\u00e1n\u00ed komun\u00e1ln\u00edho odpadu, kter\u00fd p\u016fvodce b\u011b\u017en\u011b produkuje.&nbsp;<\/p>\n\n\n\n<p>2. Povinnost m\u00edt uzav\u0159enou smlouvu na p\u0159ed\u00e1v\u00e1n\u00ed stavebn\u00edch a demoli\u010dn\u00edch odpad\u016f p\u0159ed jejich vznikem do odpadov\u00e9ho za\u0159\u00edzen\u00ed v odpov\u00eddaj\u00edc\u00edm mno\u017estv\u00ed.<\/p>\n\n\n\n<p>3. Informace o odpadu a z\u00e1kladn\u00ed popis odpadu byly obsa\u017eeny v ustanoven\u00edch, kter\u00e9 obsahovaly p\u0159edchoz\u00ed pr\u00e1vn\u00ed p\u0159edpisy a nahrazuje je nov\u00fd z\u00e1kon o odpadech. Aktu\u00e1ln\u00ed popis odpadu na z\u00e1klad\u011b z\u00e1kona o odpadech, kter\u00fd byl platn\u00fd do konce roku 2020 je mo\u017en\u00e9 pou\u017e\u00edvat je\u0161t\u011b v pr\u016fb\u011bhu roku 2021. Vyhl\u00e1\u0161ka, kter\u00e1 popis odpadu upravuje je moment\u00e1ln\u011b k datu naps\u00e1n\u00ed tohoto textu ve schvalov\u00e1n\u00ed.<\/p>\n\n\n\n<p>4. Evidence odpad\u016f bude m\u00edt od roku 2022 nov\u00e9 n\u00e1le\u017eitosti, tedy v roce 2021 evidenci prov\u00e1d\u00edme tak jak jsme zvykl\u00ed dle star\u00e9 pr\u00e1vn\u00ed \u00fapravy.<\/p>\n\n\n\n<p>5. Soust\u0159e\u010fov\u00e1n\u00ed stavebn\u00edch odpad\u016f &#8211; p\u016fvodce odpad\u016f nov\u011b mus\u00ed od \u00fa\u010dinnosti z\u00e1kona \u010d. 541\/2020 Sb. p\u0159i odstra\u0148ov\u00e1n\u00ed stavby, prov\u00e1d\u011bn\u00ed stavby nebo \u00fadr\u017eb\u011b dodr\u017eet postup pro nakl\u00e1d\u00e1n\u00ed s vybouran\u00fdmi stavebn\u00edmi materi\u00e1ly ur\u010den\u00fdmi pro op\u011btovn\u00e9 pou\u017eit\u00ed, vedlej\u0161\u00edmi produkty, stavebn\u00edmi, demoli\u010dn\u00edmi odpady tak, aby byla zaji\u0161t\u011bna nejvy\u0161\u0161\u00ed mo\u017en\u00e1 m\u00edra jejich op\u011btovn\u00e9ho vyu\u017eit\u00ed a recyklace. Nov\u00e1 vyhl\u00e1\u0161ka potom bude stanovovat, jak\u00e9 v\u0161echny materi\u00e1ly mus\u00ed b\u00fdt soust\u0159e\u010fov\u00e1ny odd\u011blen\u011b. Do \u00fa\u010dinnosti vyhl\u00e1\u0161ky je z\u00e1konn\u00e1 povinnost spln\u011bna, pokud p\u016fvodce zamez\u00ed m\u00edsen\u00ed vybouran\u00fdch recyklovateln\u00fdch a op\u011btovn\u011b pou\u017eiteln\u00fdch odpad\u016f s jin\u00fdmi odpady a zejm\u00e9ne s nebezpe\u010dn\u00fdmi odpady a l\u00e1tkami.<\/p>\n\n\n\n<p>6. Povinnosti zaji\u0161t\u011bn\u00ed t\u0159\u00edd\u011bn\u00ed komun\u00e1ln\u00edch odpad\u016f &#8211; p\u016fvodce odpad\u016f, kter\u00fd umo\u017e\u0148uje ve sv\u00e9 provozovn\u011b nepodnikaj\u00edc\u00edm fyzick\u00fdm osob\u00e1m odkl\u00e1d\u00e1n\u00ed komun\u00e1ln\u00edho odpadu vznikl\u00e9ho v r\u00e1mci provozovny, mus\u00ed od \u00fa\u010dinnosti nov\u00e9ho z\u00e1kona o odpadech zajistit m\u00edsta pro odd\u011blen\u00e9 soust\u0159e\u010fov\u00e1n\u00ed odpadu, a to alespo\u0148 pro odpady, pap\u00edru plast\u016f, skla, kov\u016f a biologick\u00e9ho odpadu (20 01 08) &#8211; kat. \u010d\u00edsla 20 01 xx.<\/p>\n\n\n\n<p style=\"font-size:18px\"><strong>Pot\u0159ebujete s n\u011b\u010d\u00edm poradit? napi\u0161te na <a href=\"mailto:vyridime@firemniodpady.cz\">vyridime@firemniodpady.cz<\/a> <\/strong><\/p>\n\n\n\n<p class=\"has-text-align-right\">Publikov\u00e1no: 13. 5. 2021, Leo\u0161 Zem\u00e1nek, odpadov\u00fd hospod\u00e1\u0159<\/p>\n","protected":false},"excerpt":{"rendered":"<p>V\u00edte jak\u00e9 povinnosti plynou z nov\u00e9ho z\u00e1kona o odpadech \u010d. 541\/2020 Sb., kter\u00fd nahrazuje star\u00fd z\u00e1kon o odpadech \u010d. 185\/2001 Sb.? V p\u00e1r odstavc\u00edch p\u0159edstav\u00edme n\u011bkter\u00e9 povinnosti p\u016fvodce odpadu, kter\u00fd m\u016f\u017ee b\u00fdt pr\u00e1vnickou osobou nebo podnikaj\u00edc\u00ed fyzickou osobou:&nbsp; 1. Povinnost m\u00edt uzav\u0159enou smlouvu na p\u0159ed\u00e1v\u00e1n\u00ed komun\u00e1ln\u00edho odpadu, kter\u00fd p\u016fvodce b\u011b\u017en\u011b produkuje.&nbsp; 2. Povinnost m\u00edt uzav\u0159enou [&hellip;]<\/p>\n","protected":false},"author":1,"featured_media":156,"comment_status":"open","ping_status":"open","sticky":false,"template":"","format":"standard","meta":{"_monsterinsights_skip_tracking":false,"footnotes":""},"categories":[1],"tags":[],"class_list":["post-154","post","type-post","status-publish","format-standard","has-post-thumbnail","hentry","category-uncategorized"],"_links":{"self":[{"href":"https:\/\/www.firemniodpady.cz\/index.php\/wp-json\/wp\/v2\/posts\/154"}],"collection":[{"href":"https:\/\/www.firemniodpady.cz\/index.php\/wp-json\/wp\/v2\/posts"}],"about":[{"href":"https:\/\/www.firemniodpady.cz\/index.php\/wp-json\/wp\/v2\/types\/post"}],"author":[{"embeddable":true,"href":"https:\/\/www.firemniodpady.cz\/index.php\/wp-json\/wp\/v2\/users\/1"}],"replies":[{"embeddable":true,"href":"https:\/\/www.firemniodpady.cz\/index.php\/wp-json\/wp\/v2\/comments?post=154"}],"version-history":[{"count":4,"href":"https:\/\/www.firemniodpady.cz\/index.php\/wp-json\/wp\/v2\/posts\/154\/revisions"}],"predecessor-version":[{"id":160,"href":"https:\/\/www.firemniodpady.cz\/index.php\/wp-json\/wp\/v2\/posts\/154\/revisions\/160"}],"wp:featuredmedia":[{"embeddable":true,"href":"https:\/\/www.firemniodpady.cz\/index.php\/wp-json\/wp\/v2\/media\/156"}],"wp:attachment":[{"href":"https:\/\/www.firemniodpady.cz\/index.php\/wp-json\/wp\/v2\/media?parent=154"}],"wp:term":[{"taxonomy":"category","embeddable":true,"href":"https:\/\/www.firemniodpady.cz\/index.php\/wp-json\/wp\/v2\/categories?post=154"},{"taxonomy":"post_tag","embeddable":true,"href":"https:\/\/www.firemniodpady.cz\/index.php\/wp-json\/wp\/v2\/tags?post=154"}],"curies":[{"name":"wp","href":"https:\/\/api.w.org\/{rel}","templated":true}]}}