{"id":134,"date":"2021-04-30T07:53:30","date_gmt":"2021-04-30T07:53:30","guid":{"rendered":"http:\/\/www.firemniodpady.cz\/?p=134"},"modified":"2024-07-21T08:17:18","modified_gmt":"2024-07-21T08:17:18","slug":"rocni-hlaseni-o-odpadech-za-rok-2020","status":"publish","type":"post","link":"https:\/\/www.firemniodpady.cz\/index.php\/2021\/04\/30\/rocni-hlaseni-o-odpadech-za-rok-2020\/","title":{"rendered":"Ro\u010dn\u00ed hl\u00e1\u0161en\u00ed o odpadech za rok 2020 nebo nepodan\u00e9 hl\u00e1\u0161en\u00ed"},"content":{"rendered":"\n<p>Tak\u00e9 st\u00e1le \u0159e\u0161\u00edte pod\u00e1n\u00ed ro\u010dn\u00edho <strong>hl\u00e1\u0161en\u00ed o odpadech za rok 2020<\/strong>? Za rok 2020 byla povinnost podat ro\u010dn\u00ed hl\u00e1\u0161en\u00ed o odpadech p\u0159i produkci odpad\u016f v\u011bt\u0161\u00ed jak 100 tun ostatn\u00edho odpadu a 100 kg nebezpe\u010dn\u00e9ho odpadu, n\u00e1sledn\u011b podat ro\u010dn\u00ed hl\u00e1\u0161en\u00ed do 15. 2. 2021, ale st\u00e1le se setk\u00e1v\u00e1me s t\u00edm, \u017ee se zapomn\u011blo hl\u00e1\u0161en\u00ed podat nebo s t\u011bmi, kdo tuto povinnost neznali. Potom nast\u00e1v\u00e1 ot\u00e1zka co te\u010f? P\u0159i t\u011bchto pot\u00ed\u017e\u00edch si s klientem d\u00e1me sch\u016fzku on-line nebo off-line a dohodneme se na postupech k zm\u00edrn\u011bn\u00ed dopad\u016f sankc\u00ed.<\/p>\n\n\n\n<p><strong>Pot\u0159ebujete pomoci s ro\u010dn\u00edm hl\u00e1\u0161en\u00edm, kter\u00e9 jste nepodali?<\/strong> napi\u0161t\u011b n\u00e1m na n\u00ed\u017ee uveden\u00e9 \u00fadaje a r\u00e1di pom\u016f\u017eeme i v\u00e1m.<\/p>\n\n\n\n<p>A jak se tomu pro p\u0159\u00ed\u0161t\u011b vyhnout? V\u00e9st pr\u016fb\u011b\u017enou evidenci a z n\u00ed si vyvodit zda povinnosti m\u00e1te \u010di nikoliv. K evidenci se vztahuj\u00ed dal\u0161\u00ed po\u017eadavky a povinnosti, kde p\u0159i jejich nedodr\u017een\u00ed hroz\u00ed dal\u0161\u00ed sankce.&nbsp;<\/p>\n\n\n\n<p><strong>Hl\u00e1\u0161en\u00ed za rok 2021<\/strong> se bude pod\u00e1vat dle nov\u00e9ho z\u00e1kona o odpadech do 28. 2. 2022 <strong>jste na to p\u0159ipraveni?<\/strong> Tady plat\u00ed povinnost pod\u00e1vat hl\u00e1\u0161en\u00ed nad mno\u017estv\u00ed odpad\u016f 100 tun ostatn\u00edch a 600 kg nebezpe\u010dn\u00fdch odpad\u016f.<\/p>\n\n\n\n<p><strong>\u0158E\u0160\u00cdME :<\/strong><\/p>\n\n\n\n<ul class=\"wp-block-list\"><li>vedeme evidence odpad\u016f, obal\u016f<\/li><li>pod\u00e1v\u00e1me ro\u010dn\u00ed hl\u00e1\u0161en\u00ed o odpadech<\/li><li>pod\u00e1v\u00e1me pravideln\u00e9 v\u00fdkazy o obalech<\/li><li>pom\u00e1h\u00e1me p\u0159i \u0159e\u0161en\u00ed spr\u00e1vn\u00edch \u0159\u00edzen\u00ed (p\u0159estupk\u016f).<\/li><\/ul>\n\n\n\n<p>nebo prov\u00e1d\u00edme kompletn\u00ed<\/p>\n\n\n\n<ul class=\"wp-block-list\"><li>extern\u00ed administraci v odpadov\u00e9m hospod\u00e1\u0159stv\u00ed dle dohody s klientem, kter\u00e1 obn\u00e1\u0161\u00ed veden\u00ed evidence odpad\u016f, veden\u00ed evidence obal\u016f, poradensk\u00e9 slu\u017eby, ve\u0161kerou komunikaci v odpadov\u00e9m hospod\u00e1\u0159stv\u00ed za klienta, pod\u00e1v\u00e1n\u00ed ro\u010dn\u00edho hl\u00e1\u0161en\u00ed o odpadech, pod\u00e1v\u00e1n\u00ed pravideln\u00fdch v\u00fdkaz\u016f o obalech, \u0159e\u0161en\u00ed spr\u00e1vn\u00edch \u0159\u00edzen\u00ed a dal\u0161\u00ed \u00fakony.<\/li><\/ul>\n\n\n\n<p class=\"has-white-color has-vivid-red-background-color has-text-color has-background has-medium-font-size\">Pot\u0159ebujete pomoci nebo je v\u00e1m n\u011bco nejasn\u00e9 &#8211; vypl\u0148te formul\u00e1\u0159 a r\u00e1di v\u00e1m pom\u016f\u017eeme: <strong>vyridime@firemniodpady.cz<\/strong><\/p>\n\n\n\n<p class=\"has-text-align-right\">Aktualizace: 12. 8. 2021, Leo\u0161 Zem\u00e1nek, odpadov\u00fd hospod\u00e1\u0159<\/p>\n","protected":false},"excerpt":{"rendered":"<p>Tak\u00e9 st\u00e1le \u0159e\u0161\u00edte pod\u00e1n\u00ed ro\u010dn\u00edho hl\u00e1\u0161en\u00ed o odpadech za rok 2020? Za rok 2020 byla povinnost podat ro\u010dn\u00ed hl\u00e1\u0161en\u00ed o odpadech p\u0159i produkci odpad\u016f v\u011bt\u0161\u00ed jak 100 tun ostatn\u00edho odpadu a 100 kg nebezpe\u010dn\u00e9ho odpadu, n\u00e1sledn\u011b podat ro\u010dn\u00ed hl\u00e1\u0161en\u00ed do 15. 2. 2021, ale st\u00e1le se setk\u00e1v\u00e1me s t\u00edm, \u017ee se zapomn\u011blo hl\u00e1\u0161en\u00ed podat nebo [&hellip;]<\/p>\n","protected":false},"author":1,"featured_media":12,"comment_status":"closed","ping_status":"closed","sticky":false,"template":"","format":"standard","meta":{"_monsterinsights_skip_tracking":false,"_monsterinsights_sitenote_active":false,"_monsterinsights_sitenote_note":"","_monsterinsights_sitenote_category":0,"footnotes":""},"categories":[1],"tags":[],"class_list":["post-134","post","type-post","status-publish","format-standard","has-post-thumbnail","hentry","category-uncategorized"],"_links":{"self":[{"href":"https:\/\/www.firemniodpady.cz\/index.php\/wp-json\/wp\/v2\/posts\/134"}],"collection":[{"href":"https:\/\/www.firemniodpady.cz\/index.php\/wp-json\/wp\/v2\/posts"}],"about":[{"href":"https:\/\/www.firemniodpady.cz\/index.php\/wp-json\/wp\/v2\/types\/post"}],"author":[{"embeddable":true,"href":"https:\/\/www.firemniodpady.cz\/index.php\/wp-json\/wp\/v2\/users\/1"}],"replies":[{"embeddable":true,"href":"https:\/\/www.firemniodpady.cz\/index.php\/wp-json\/wp\/v2\/comments?post=134"}],"version-history":[{"count":10,"href":"https:\/\/www.firemniodpady.cz\/index.php\/wp-json\/wp\/v2\/posts\/134\/revisions"}],"predecessor-version":[{"id":461,"href":"https:\/\/www.firemniodpady.cz\/index.php\/wp-json\/wp\/v2\/posts\/134\/revisions\/461"}],"wp:featuredmedia":[{"embeddable":true,"href":"https:\/\/www.firemniodpady.cz\/index.php\/wp-json\/wp\/v2\/media\/12"}],"wp:attachment":[{"href":"https:\/\/www.firemniodpady.cz\/index.php\/wp-json\/wp\/v2\/media?parent=134"}],"wp:term":[{"taxonomy":"category","embeddable":true,"href":"https:\/\/www.firemniodpady.cz\/index.php\/wp-json\/wp\/v2\/categories?post=134"},{"taxonomy":"post_tag","embeddable":true,"href":"https:\/\/www.firemniodpady.cz\/index.php\/wp-json\/wp\/v2\/tags?post=134"}],"curies":[{"name":"wp","href":"https:\/\/api.w.org\/{rel}","templated":true}]}}